{"id":4213,"date":"2024-12-02T11:55:46","date_gmt":"2024-12-02T10:55:46","guid":{"rendered":"https:\/\/www.jkcf.com\/?p=4213"},"modified":"2024-12-02T11:58:37","modified_gmt":"2024-12-02T10:58:37","slug":"judo-resultat-du-week-end-30-11-01-12-2024","status":"publish","type":"post","link":"https:\/\/www.jkcf.com\/?p=4213","title":{"rendered":"JUDO &#8211; R\u00e9sultat du week-end 30\/11-01\/12\/2024"},"content":{"rendered":"\n\n\n<p>Ce week-end, plusieurs comp\u00e9titions de Judo avaient lieu, et le du JKCF a brillamment \u00e9t\u00e9 repr\u00e9sent\u00e9 :  <\/p>\n\n\n\n<p><strong>Samedi 30\/11 24 Championnat de Vend\u00e9e Judo adapt\u00e9 :<\/strong><\/p>\n\n\n\n<ul>\n<li>En minimes :\n<ul>\n<li>1\u1d49\u02b3 Mathias AUDUREAU &#8211; de 34 kg en BC<\/li>\n<li>3\u1d49 Corentin GUERRERO &#8211; de 34 kg en CD<\/li>\n<\/ul>\n<\/li>\n<li>En Senior :\n<ul>\n<li>1\u1d49\u02b3 Anthony MOTOS &#8211; de 90kg en CD<\/li>\n<\/ul>\n<\/li>\n<\/ul>\n<p><strong>Samedi 30 11 24 Coupe d&rsquo;automne benjamins(es) :&nbsp;<\/strong><\/p>\n<ul>\n<li>En &#8211; de 38kg : 3\u1d49 Lowik PAILLEREAU MAUGUILLET<\/li>\n<li>En &#8211; de 36kg : 3\u1d49 Kathemb\u00e9 NOYON<\/li>\n<li>En &#8211; de 57kg : 3\u1d49 Hana\u00e9 BOCHARD<\/li>\n<\/ul>\n<p><strong>Dimanche 01 12 24 Championnat de Vend\u00e9e Minimes : <\/strong><\/p>\n<ul>\n<li>En &#8211; de 50 kg : 1\u1d49\u02b3 K\u00e9hmy NOYON<\/li>\n<li>En &#8211; de 50 kg : 3\u1d49 Adan GUTTIN<\/li>\n<li>En &#8211; de 42kg : 7\u1d49 Eddy GUTTIN<\/li>\n<\/ul>\n<p><strong>Dimanche 01 12 24 Championnat de Vend\u00e9e Juniors :&nbsp;<\/strong><\/p>\n<ul>\n<li>En &#8211; de 81kg : 5\u00e8me Eliot GABORIT et Jhoverli MALIBA<\/li>\n<\/ul>\n<p><strong>Dimanche 01 12 24 Coupe du jeune officiel Cade(tte)s commissaire :<\/strong><\/p>\n<ul>\n<li>1er : Rayane BROUARD<\/li>\n<li>3\u00e8me : Yaelle PAILLEREAU MAUGUILLET<\/li>\n<\/ul>\n<p>Tous les Podiums s\u00e9lectionn\u00e9s en r\u00e9gion.<\/p>\n<p><a href=\"https:\/\/www.jkcf.com\/?attachment_id=4214\" rel=\"attachment wp-att-4214\"><img loading=\"lazy\" decoding=\"async\" class=\"aligncenter size-medium wp-image-4214\" src=\"https:\/\/www.jkcf.com\/wp-content\/uploads\/2024\/12\/20241130_120226-300x146.jpg\" alt=\"\" width=\"300\" height=\"146\" srcset=\"https:\/\/www.jkcf.com\/wp-content\/uploads\/2024\/12\/20241130_120226-300x146.jpg 300w, https:\/\/www.jkcf.com\/wp-content\/uploads\/2024\/12\/20241130_120226-1024x498.jpg 1024w, https:\/\/www.jkcf.com\/wp-content\/uploads\/2024\/12\/20241130_120226-768x373.jpg 768w, https:\/\/www.jkcf.com\/wp-content\/uploads\/2024\/12\/20241130_120226-1536x747.jpg 1536w, https:\/\/www.jkcf.com\/wp-content\/uploads\/2024\/12\/20241130_120226-1320x642.jpg 1320w, https:\/\/www.jkcf.com\/wp-content\/uploads\/2024\/12\/20241130_120226.jpg 2016w\" sizes=\"auto, (max-width: 300px) 100vw, 300px\" \/><\/a><\/p>\n","protected":false},"excerpt":{"rendered":"<p>Ce week-end, plusieurs comp\u00e9titions de Judo avaient lieu, et le du JKCF a brillamment \u00e9t\u00e9 repr\u00e9sent\u00e9 : Samedi 30\/11 24 Championnat de Vend\u00e9e Judo adapt\u00e9 : En minimes : 1\u1d49\u02b3 Mathias AUDUREAU &#8211; de 34 kg en BC 3\u1d49 Corentin <a class=\"more-link\" href=\"https:\/\/www.jkcf.com\/?p=4213\">Continuer la lecture <span class=\"screen-reader-text\">  JUDO &#8211; R\u00e9sultat du week-end 30\/11-01\/12\/2024<\/span><span class=\"meta-nav\">&rarr;<\/span><\/a><\/p>\n","protected":false},"author":1,"featured_media":0,"comment_status":"open","ping_status":"open","sticky":false,"template":"","format":"standard","meta":{"ngg_post_thumbnail":0,"iawp_total_views":66,"footnotes":""},"categories":[2],"tags":[],"class_list":["post-4213","post","type-post","status-publish","format-standard","hentry","category-accueil"],"_links":{"self":[{"href":"https:\/\/www.jkcf.com\/index.php?rest_route=\/wp\/v2\/posts\/4213","targetHints":{"allow":["GET"]}}],"collection":[{"href":"https:\/\/www.jkcf.com\/index.php?rest_route=\/wp\/v2\/posts"}],"about":[{"href":"https:\/\/www.jkcf.com\/index.php?rest_route=\/wp\/v2\/types\/post"}],"author":[{"embeddable":true,"href":"https:\/\/www.jkcf.com\/index.php?rest_route=\/wp\/v2\/users\/1"}],"replies":[{"embeddable":true,"href":"https:\/\/www.jkcf.com\/index.php?rest_route=%2Fwp%2Fv2%2Fcomments&post=4213"}],"version-history":[{"count":3,"href":"https:\/\/www.jkcf.com\/index.php?rest_route=\/wp\/v2\/posts\/4213\/revisions"}],"predecessor-version":[{"id":4217,"href":"https:\/\/www.jkcf.com\/index.php?rest_route=\/wp\/v2\/posts\/4213\/revisions\/4217"}],"wp:attachment":[{"href":"https:\/\/www.jkcf.com\/index.php?rest_route=%2Fwp%2Fv2%2Fmedia&parent=4213"}],"wp:term":[{"taxonomy":"category","embeddable":true,"href":"https:\/\/www.jkcf.com\/index.php?rest_route=%2Fwp%2Fv2%2Fcategories&post=4213"},{"taxonomy":"post_tag","embeddable":true,"href":"https:\/\/www.jkcf.com\/index.php?rest_route=%2Fwp%2Fv2%2Ftags&post=4213"}],"curies":[{"name":"wp","href":"https:\/\/api.w.org\/{rel}","templated":true}]}}