{"id":3736,"date":"2023-06-28T12:07:03","date_gmt":"2023-06-28T10:07:03","guid":{"rendered":"https:\/\/www.jkcf.com\/?p=3736"},"modified":"2023-06-28T12:07:04","modified_gmt":"2023-06-28T10:07:04","slug":"resultats-judo-2","status":"publish","type":"post","link":"https:\/\/www.jkcf.com\/?p=3736","title":{"rendered":"R\u00e9sultats Judo"},"content":{"rendered":"\n\n\n<p><strong>CHAMPIONNAT REGIONAL Indiv. JUNIOR 1\u00e8re division<\/strong> 29 Janvier \u00e0 ANGERS :<\/p>\n<ul>\n<li>2\u00e8me LUCAS NODET GARCIA MUNOZ en +de 100kg S\u00e9lectionn\u00e9e au Championnat de France<\/li>\n<\/ul>\n<p><strong>CHAMPIONNAT REGIONAL DU JEUNE COMMISSAIRE SPORTIF CADETS (ETTES) et Indiv. MINIMES<\/strong> 28 Janvier \u00e0 ANGERS :<\/p>\n<ul>\n<li>3\u00e8me Yaelle PAILLEREAU MAUGUILLET commissaire<\/li>\n<li>Participation Rayane BROUARD en \u2013 de 55k<\/li>\n<\/ul>\n<p><strong>CHAMPIONNAT REGIONAL Indiv PARA JUDO ADAPTE<\/strong> 04 F\u00e9vrier \u00e0 ANGERS :<\/p>\n<ul>\n<li>En Seniors CD : 1er Jimmy BRIATTRE en +100kg, 3\u00e8me Ludovic OFF en \u2013 de 81kg et participation d\u2019Aur\u00e9lien DECROIX<\/li>\n<li>En \u2013 de 16 ans BC : 1er Erwan FRADIN en \u2013 de 60kg et 2\u00e8me Julie GERARD DUBOND \u2013 de 63kg<\/li>\n<\/ul>\n<p>CHAMPIONNAT REGIONAL INDIVIDUEL CADETS (ETTES) 1er division le 11 Mars \u00e0 ANGERS :<\/p>\n<ul>\n<li>7\u00e8me Abigail NODET GARCIA MUNOZ en +de 70kg<\/li>\n<li>9\u00e8me Jean GUERIF en \u2013 de 60kg<\/li>\n<li>9\u00e8me Yaelle PAILLEREAU MAUGUILLET en -de 52kg<\/li>\n<\/ul>\n<p><strong>CHAMPIONNAT DEPARTEMENTAL Indiv. BENJAMINS et COUPE DU JEUNE COMMISSAIRE SPORTIF MINME<\/strong> 18 mars :<\/p>\n<ul>\n<li>En \u2013 de 42kg :1erK\u00e9mhy NOYON<\/li>\n<li>En \u2013 de 30 kg : 7\u00e8me Hilaire BROSSIER<\/li>\n<li>3 \u00e8me Rayane BROUARD commissaire<\/li>\n<\/ul>\n<p><strong>CHAMPIONNAT REGIONAL INDIVIDUEL CADETS (ettes) \/ Espoirs 2\u00e8me division<\/strong> le 25 mars \u00e0 ANGERS :<\/p>\n<ul>\n<li>2\u00e8me Abigail NODET GARCIA MUNOZ en +de 70kg S\u00e9lectionn\u00e9e au Championnat de France<\/li>\n<li>3\u00e8me Yaelle PAILLEREAU MAUGUILLET en -de 52kg S\u00e9lectionn\u00e9e au Championnat de France<\/li>\n<li>8\u00e8me Nathk\u00e9o NOYON en \u2013 de 60kg<\/li>\n<li>Participation Eliot GABORIT en \u2013 de 73kg<\/li>\n<\/ul>\n<p><strong>LES TOURNOIS INTER CLUBS :<\/strong><\/p>\n<ul>\n<li>Tournoi de LUCON le 26 mars :&nbsp;\n<ul>\n<li>En cadets(ettes) : 1\u00e8re Ya\u00eblle PAILLERAU\/MAUGUILLET \/ 2\u00e8me S\u00e9l\u00e9na TELHAOUI \/ 3\u00e8me Eliot GABORIT<\/li>\n<li>En benjamins : 1er Alexandre LEPEUT \/ 1er Hilaire BROSSIER \/ 4\u00e8me Lucas RUBEN \/ 2\u00e8me Brik\u00e9na VOICI<\/li>\n<li>En poussins(es) : 1\u00e8re Kath\u00e8mb\u00e9 NOYON \/ 1er Lowic PAILLEREAU \/ 4\u00e8meLiam TAVEAU \/ 4\u00e8meAlban MARIVINT<\/li>\n<li>En mini-poussins(es) : 1\u00e9re K\u00e9naa NIGUSSIE \/ 2\u00e8me Nolan FREJAN \/ 2\u00e8me Gabriel LEPEUT \/ 3\u00e8me Guilherme OLIVIERA \/ 4\u00e8me Matheis LYPHOUT \/ 1er Idriss BOMPART \/ 3\u00e8me Aim\u00e9 MEUNIER \/ 3\u00e8me Justine MOKRIS \/ 4\u00e8me Thalia DROUET<\/li>\n<\/ul>\n<\/li>\n<li>Tournoi de Chaill\u00e9 les Marais le 01 avril\n<ul>\n<li>En Cadets : 4\u00e8me Baptiste VASSEAU<\/li>\n<li><span style=\"font-size: 15px; font-weight: 300;\">En Minimes : 3\u00e8meManoa MERCEREAU \/ 3\u00e8me Charles BROSSIER \/ 2\u00e8me Marley LANDRY<\/span><\/li>\n<li>En benjamins : 1er Hilaire BROSSIER \/ 3\u00e8me Alexandre LEPEUT \/ 4\u00e8me Lucas RUBEN \/ 3\u00e8me Mika PRADEL<\/li>\n<li>En Poussins : 3\u00e8me Alban MARIVINT \/ 2\u00e8me Mohamed LAARNOUKI \/ 2\u00e8me Hana\u00e9 BOCHARD<\/li>\n<li>En Mini-Poussins : 1er Esdras ATENGA \/ 1er Matheis LYPHOUT \/ 4\u00e8me Nolan FREJAN \/ 4\u00e8me Maloan LEHACAUT \/ 3\u00e8me Idriss BOMPART \/ 3\u00e8me Guilherme OLIVIERA \/ 1er Aim\u00e9 MEUNIER \/ 2\u00e8me Gabriel LEPEUT \/ 1\u00e9re K\u00e9naa NIGUSSI<\/li>\n<\/ul>\n<\/li>\n<\/ul>\n<p>&nbsp;<\/p>\n","protected":false},"excerpt":{"rendered":"<p>CHAMPIONNAT REGIONAL Indiv. JUNIOR 1\u00e8re division 29 Janvier \u00e0 ANGERS : 2\u00e8me LUCAS NODET GARCIA MUNOZ en +de 100kg S\u00e9lectionn\u00e9e au Championnat de France CHAMPIONNAT REGIONAL DU JEUNE COMMISSAIRE SPORTIF CADETS (ETTES) et Indiv. MINIMES 28 Janvier \u00e0 ANGERS : <a class=\"more-link\" href=\"https:\/\/www.jkcf.com\/?p=3736\">Continuer la lecture <span class=\"screen-reader-text\">  R\u00e9sultats Judo<\/span><span class=\"meta-nav\">&rarr;<\/span><\/a><\/p>\n","protected":false},"author":1,"featured_media":0,"comment_status":"open","ping_status":"open","sticky":false,"template":"","format":"standard","meta":{"ngg_post_thumbnail":0,"iawp_total_views":26,"footnotes":""},"categories":[2],"tags":[],"class_list":["post-3736","post","type-post","status-publish","format-standard","hentry","category-accueil"],"_links":{"self":[{"href":"https:\/\/www.jkcf.com\/index.php?rest_route=\/wp\/v2\/posts\/3736","targetHints":{"allow":["GET"]}}],"collection":[{"href":"https:\/\/www.jkcf.com\/index.php?rest_route=\/wp\/v2\/posts"}],"about":[{"href":"https:\/\/www.jkcf.com\/index.php?rest_route=\/wp\/v2\/types\/post"}],"author":[{"embeddable":true,"href":"https:\/\/www.jkcf.com\/index.php?rest_route=\/wp\/v2\/users\/1"}],"replies":[{"embeddable":true,"href":"https:\/\/www.jkcf.com\/index.php?rest_route=%2Fwp%2Fv2%2Fcomments&post=3736"}],"version-history":[{"count":2,"href":"https:\/\/www.jkcf.com\/index.php?rest_route=\/wp\/v2\/posts\/3736\/revisions"}],"predecessor-version":[{"id":3738,"href":"https:\/\/www.jkcf.com\/index.php?rest_route=\/wp\/v2\/posts\/3736\/revisions\/3738"}],"wp:attachment":[{"href":"https:\/\/www.jkcf.com\/index.php?rest_route=%2Fwp%2Fv2%2Fmedia&parent=3736"}],"wp:term":[{"taxonomy":"category","embeddable":true,"href":"https:\/\/www.jkcf.com\/index.php?rest_route=%2Fwp%2Fv2%2Fcategories&post=3736"},{"taxonomy":"post_tag","embeddable":true,"href":"https:\/\/www.jkcf.com\/index.php?rest_route=%2Fwp%2Fv2%2Ftags&post=3736"}],"curies":[{"name":"wp","href":"https:\/\/api.w.org\/{rel}","templated":true}]}}