{"id":3179,"date":"2022-01-18T23:03:58","date_gmt":"2022-01-18T22:03:58","guid":{"rendered":"http:\/\/www.jkcf.com\/?p=3179"},"modified":"2022-01-18T23:03:58","modified_gmt":"2022-01-18T22:03:58","slug":"inter-regions-kendo-15-16-01-2022","status":"publish","type":"post","link":"https:\/\/www.jkcf.com\/?p=3179","title":{"rendered":"Inter-R\u00e9gions Kendo 15-16\/01\/2022"},"content":{"rendered":"\n<p>Le week-end dernier (samedi 15 et dimanche 16\/01) avaient lieu les inter-r\u00e9gions \u00e0 Lorient, voici les r\u00e9sultats du JKCF :<\/p>\n\n\n\n<p><strong>Benjamins <\/strong><br>\u2022 1er : Morgan Mi\u00e8ge<br>\u2022 2\u00e8me : Etienne Barbier<\/p>\n\n\n\n<p><strong>Minimes <\/strong><br>\u2022 3\u00e8me: Mathys Mi\u00e8ge<br>\u2022 3\u00e8me : Zoe Chadaillat<\/p>\n\n\n\n<p><strong>Cadets <\/strong><br>\u2022 1er : G\u00e9d\u00e9on Gouraud<\/p>\n\n\n\n<p><strong>Espoirs <\/strong><br>\u2022 1\u00e8re : Maelys Bousique<\/p>\n\n\n\n<p><strong>F\u00e9minines <\/strong><br>\u2022 2\u00e8me : Ad\u00e9lie Robin<br>\u2022 3\u00e8me : Amandine Hilt<br>\u2022 Fighting Spirit : Julia Eveno<\/p>\n\n\n\n<p><strong>S\u00e9lections r\u00e9gionales Excellences <\/strong><br>\u2022 1er : Sylvain Bousique<br>\u2022 2\u00e8me : Benoit Gaillard<br>\u2022 3\u00e8me : Maxence Delahaye<br>\u2022 3\u00e8me : Jean-Arthus Cl\u00e9ment<\/p>\n\n\n\n<p><strong>S\u00e9lections r\u00e9gionales Equipes Honneurs <\/strong><br>\u2022 2\u00e8me : l\u2019\u00e9quipe compos\u00e9e de Ouhayoun Jimmy &#8211; Lilou Chadaillat &#8211; Kamel Tordjman &#8211; Amandine Hilt<\/p>\n\n\n\n<p><strong>Open Inter-r\u00e9gional Honneurs <\/strong><br>\u2022 3\u00e8me : Jimmy Ouhayoun<\/p>\n\n\n\n<p><strong>Open Inter-r\u00e9gional Excellences <\/strong><br>\u2022 1er : Benoit Gaillard<br>\u2022 2\u00e8me : Sylvio Montessinos<br>\u2022 3\u00e8me : Sylvain Bousique<br>\u2022 3\u00e8me : Maxence Delahaye<\/p>\n\n\n\n<p><strong>Open Inter-r\u00e9gional Equipes <\/strong><br>\u2022 1er : l\u2019\u00e9quipe compos\u00e9e de Sylvio Montessinos &#8211; Benoit Gaillard &#8211; Jean Arthus Cl\u00e9ment &#8211; Maxence Delahaye<\/p>\n\n\n\nngg_shortcode_0_placeholder\n","protected":false},"excerpt":{"rendered":"<p>Le week-end dernier (samedi 15 et dimanche 16\/01) avaient lieu les inter-r\u00e9gions \u00e0 Lorient, voici les r\u00e9sultats du JKCF : Benjamins \u2022 1er : Morgan Mi\u00e8ge\u2022 2\u00e8me : Etienne Barbier Minimes \u2022 3\u00e8me: Mathys Mi\u00e8ge\u2022 3\u00e8me : Zoe Chadaillat Cadets <a class=\"more-link\" href=\"https:\/\/www.jkcf.com\/?p=3179\">Continuer la lecture <span class=\"screen-reader-text\">  Inter-R\u00e9gions Kendo 15-16\/01\/2022<\/span><span class=\"meta-nav\">&rarr;<\/span><\/a><\/p>\n","protected":false},"author":1,"featured_media":0,"comment_status":"open","ping_status":"open","sticky":false,"template":"","format":"standard","meta":{"ngg_post_thumbnail":0,"iawp_total_views":9,"footnotes":""},"categories":[2],"tags":[],"class_list":["post-3179","post","type-post","status-publish","format-standard","hentry","category-accueil"],"_links":{"self":[{"href":"https:\/\/www.jkcf.com\/index.php?rest_route=\/wp\/v2\/posts\/3179","targetHints":{"allow":["GET"]}}],"collection":[{"href":"https:\/\/www.jkcf.com\/index.php?rest_route=\/wp\/v2\/posts"}],"about":[{"href":"https:\/\/www.jkcf.com\/index.php?rest_route=\/wp\/v2\/types\/post"}],"author":[{"embeddable":true,"href":"https:\/\/www.jkcf.com\/index.php?rest_route=\/wp\/v2\/users\/1"}],"replies":[{"embeddable":true,"href":"https:\/\/www.jkcf.com\/index.php?rest_route=%2Fwp%2Fv2%2Fcomments&post=3179"}],"version-history":[{"count":1,"href":"https:\/\/www.jkcf.com\/index.php?rest_route=\/wp\/v2\/posts\/3179\/revisions"}],"predecessor-version":[{"id":3197,"href":"https:\/\/www.jkcf.com\/index.php?rest_route=\/wp\/v2\/posts\/3179\/revisions\/3197"}],"wp:attachment":[{"href":"https:\/\/www.jkcf.com\/index.php?rest_route=%2Fwp%2Fv2%2Fmedia&parent=3179"}],"wp:term":[{"taxonomy":"category","embeddable":true,"href":"https:\/\/www.jkcf.com\/index.php?rest_route=%2Fwp%2Fv2%2Fcategories&post=3179"},{"taxonomy":"post_tag","embeddable":true,"href":"https:\/\/www.jkcf.com\/index.php?rest_route=%2Fwp%2Fv2%2Ftags&post=3179"}],"curies":[{"name":"wp","href":"https:\/\/api.w.org\/{rel}","templated":true}]}}