{"id":2954,"date":"2021-01-15T20:13:40","date_gmt":"2021-01-15T19:13:40","guid":{"rendered":"http:\/\/www.jkcf.com\/?p=2954"},"modified":"2021-01-15T20:13:41","modified_gmt":"2021-01-15T19:13:41","slug":"communication-du-15-01-20201","status":"publish","type":"post","link":"https:\/\/www.jkcf.com\/?p=2954","title":{"rendered":"Communication du 15\/01\/20201"},"content":{"rendered":"\n<p>Bonjour \u00e0 toutes et tous les adh\u00e9rents du JKC Fontenaisien,<\/p>\n<p>Vous avez, probablement, suivi les propos de notre premier ministre hier soir \u00e0 la t\u00e9l\u00e9vision.<\/p>\n<p>Vous avez certainement toutes et tous compris que les deux semaines qui suivent ne vont pas \u00eatre tr\u00e8s confortables.<\/p>\n<p>De nouveau les \u00e9tablissements sportifs couverts sont ferm\u00e9s et, de nouveau, nous nous retrouvons dehors sur le solarium avec de plus un couvre-feu avanc\u00e9 \u00e0 18h !<\/p>\n<p>Selon la m\u00e9t\u00e9o les cours\/animations suivantes peuvent \u00eatre maintenues :<\/p>\n<ul>\n<li>MERCREDI de 11h \u00e012h&nbsp;: JUDO mini poussins\/poussins<\/li>\n<li>MERCREDI de 14h \u00e0 15h15&nbsp;: KENDO jeunes<\/li>\n<li>MERCREDI de 15h30 \u00e0 16h45&nbsp;: JUDO Benjamins, minimes, cadets, juniors<\/li>\n<li>SAMEDI matin 11h \u00e0 12h15&nbsp;: KENDO jeunes<\/li>\n<li>SAMEDI apr\u00e8s midi\n<ul>\n<li>de 14h \u00e0 15h&nbsp;: Mini poussins, Poussins<\/li>\n<li>de 15h15 \u00e0 16h30&nbsp;: Benjamins, minimes, cadets, juniors<\/li>\n<\/ul>\n<\/li>\n<li>DIMANCHE\n<ul>\n<li>de 11h \u00e0 12h15 animation\/pratique adultes<\/li>\n<li>entre 12h et 13h30 animation Taiso pour les adultes jour en fonction de la m\u00e9t\u00e9o<\/li>\n<\/ul>\n<\/li>\n<\/ul>\n<p>Nous partageons votre d\u00e9ception et tout comme vous esp\u00e9rons retrouver au plut\u00f4t une vie normale avec des activit\u00e9s normales \u00e0 partager avec nos proches.<\/p>\n<p>Les mineurs ont conserv\u00e9 la presque int\u00e9grit\u00e9 des cours parfois dehors, souvent dedans et les 4 jours du stage de No\u00ebl ont compens\u00e9 la coupure du mois de Novembre.<\/p>\n<p>Pour les majeurs c&rsquo;est malheureusement une autre histoire et c&rsquo;est eux qui ont le plus souffert de la situation sanitaire et le probl\u00e8me n&rsquo;est toujours pas r\u00e9solu.<\/p>\n<p>Nous vous proposerons, d\u00e8s que l&rsquo;on aura une perspective d&rsquo;une reprise d&rsquo;activit\u00e9, une compensation pour la prestation que nous n&rsquo;avons pas pu faire sous une forme et un montant pas encore d\u00e9termin\u00e9 mais soyez certain que la r\u00e9flexion est engag\u00e9e ; vous serez, bien \u00e9videmment, tenu au courant d\u00e8s que possible.<\/p>\n<p>Cette compensation s&rsquo;adressera aux majeurs ne b\u00e9n\u00e9ficiant pas d&rsquo;aide \u00e0 la cotisation (ch\u00e8ques vacances, coupons sports ou comit\u00e9 d&rsquo;entreprise).<\/p>\n<p>Pour les adh\u00e9rents ayant r\u00e9gl\u00e9 la cotisation en 2 ou 3 fois le ch\u00e8que du mois de janvier est d\u00e9pos\u00e9.<\/p>\n<p>J&rsquo;esp\u00e8re que le prochain mail sera porteur de bonnes nouvelles.<\/p>\n<p>Bien cordialement<\/p>\n<p>Pour le CD du JKCF<\/p>\n<p>Jean-Claude BOUSIQUE<\/p>\n","protected":false},"excerpt":{"rendered":"<p>Bonjour \u00e0 toutes et tous les adh\u00e9rents du JKC Fontenaisien, Vous avez, probablement, suivi les propos de notre premier ministre hier soir \u00e0 la t\u00e9l\u00e9vision. Vous avez certainement toutes et tous compris que les deux semaines qui suivent ne vont <a class=\"more-link\" href=\"https:\/\/www.jkcf.com\/?p=2954\">Continuer la lecture <span class=\"screen-reader-text\">  Communication du 15\/01\/20201<\/span><span class=\"meta-nav\">&rarr;<\/span><\/a><\/p>\n","protected":false},"author":1,"featured_media":0,"comment_status":"open","ping_status":"open","sticky":false,"template":"","format":"standard","meta":{"ngg_post_thumbnail":0,"iawp_total_views":0,"footnotes":""},"categories":[2],"tags":[],"class_list":["post-2954","post","type-post","status-publish","format-standard","hentry","category-accueil"],"_links":{"self":[{"href":"https:\/\/www.jkcf.com\/index.php?rest_route=\/wp\/v2\/posts\/2954","targetHints":{"allow":["GET"]}}],"collection":[{"href":"https:\/\/www.jkcf.com\/index.php?rest_route=\/wp\/v2\/posts"}],"about":[{"href":"https:\/\/www.jkcf.com\/index.php?rest_route=\/wp\/v2\/types\/post"}],"author":[{"embeddable":true,"href":"https:\/\/www.jkcf.com\/index.php?rest_route=\/wp\/v2\/users\/1"}],"replies":[{"embeddable":true,"href":"https:\/\/www.jkcf.com\/index.php?rest_route=%2Fwp%2Fv2%2Fcomments&post=2954"}],"version-history":[{"count":1,"href":"https:\/\/www.jkcf.com\/index.php?rest_route=\/wp\/v2\/posts\/2954\/revisions"}],"predecessor-version":[{"id":2955,"href":"https:\/\/www.jkcf.com\/index.php?rest_route=\/wp\/v2\/posts\/2954\/revisions\/2955"}],"wp:attachment":[{"href":"https:\/\/www.jkcf.com\/index.php?rest_route=%2Fwp%2Fv2%2Fmedia&parent=2954"}],"wp:term":[{"taxonomy":"category","embeddable":true,"href":"https:\/\/www.jkcf.com\/index.php?rest_route=%2Fwp%2Fv2%2Fcategories&post=2954"},{"taxonomy":"post_tag","embeddable":true,"href":"https:\/\/www.jkcf.com\/index.php?rest_route=%2Fwp%2Fv2%2Ftags&post=2954"}],"curies":[{"name":"wp","href":"https:\/\/api.w.org\/{rel}","templated":true}]}}