{"id":2942,"date":"2020-12-13T18:56:14","date_gmt":"2020-12-13T17:56:14","guid":{"rendered":"http:\/\/www.jkcf.com\/?p=2942"},"modified":"2020-12-13T18:56:15","modified_gmt":"2020-12-13T17:56:15","slug":"reprise-des-cours-enfants","status":"publish","type":"post","link":"https:\/\/www.jkcf.com\/?p=2942","title":{"rendered":"Reprise des cours enfants"},"content":{"rendered":"\n<p>Bonjour \u00e0 toutes et tous les licenci\u00e9s aux JKCF et leurs familles,<\/p>\n<p>\u00c0 PARTIR DU MARDI 15 D\u00c9CEMBRE :<\/p>\n<p>Suite au discours du premier Ministre nous avons le soulagement de vous confirmer que les cours \u00e0 l&rsquo;int\u00e9rieur du Dojo pourront reprendre \u00e0 partir du mardi 15 d\u00e9cembre, pour tous les mineurs, aux HORAIRES HABITUELS, mardi 15, mercredi 16, vendredi 18 et samedi 19 d\u00e9cembre.<\/p>\n<p>Cette reprise en salle permettra de faire les photos des groupes par cours \u00e0 para\u00eetre sur le calendrier 2020\/2021 qui vous sera remis gracieusement d\u00e8s la reprise de janvier 2021.<\/p>\n<p>STAGE DE NO\u00cbL : (rattrapage des cours perdus suite \u00e0 la fermeture du Dojo) lundi 21 et mardi 22 \/\/ lundi 28 et mardi 29 d\u00e9cembre 2020 nous offrons un stage pour les jeunes aux horaires suivants identiques pour les 4 jours :<br>&#8211; Matin : 10 h \u00e0 12 h pour les mini-poussins, poussins, Babydo<br>&#8211; Apr\u00e8s-midi : 14 h 30 \u00e0 17 h KENDO jeunes, JUDO benjamin, minimes, cadets<br><br>Toutes les activit\u00e9s techniques se d\u00e9rouleront \u00e0 l&rsquo;int\u00e9rieur du Dojo.<\/p>\n<p>Vous recevrez un programme de confirmation en fin de semaine prochaine.<\/p>\n<p>Pas d&rsquo;acc\u00e8s aux vestiaires, respect des r\u00e8gles sanitaires et de distanciation. Pas d&rsquo;accompagnants dans le Dojo.<\/p>\n<p>REPRISE DES COURS ADULTES : pr\u00e9vue le 20 janvier si tout le monde a \u00e9t\u00e9 raisonnable et respecter les r\u00e8gles sanitaires pendant les f\u00eates de fin d&rsquo;ann\u00e9e.<\/p>\n<p>N\u2019h\u00e9sitez pas \u00e0 nous contacter par mail ou t\u00e9l\u00e9phone si besoin est.<\/p>\n<p>En vous souhaitant les meilleures f\u00eates possibles avec vos proches.<\/p>\n<p>Pour le bureau du Judo Kendo Club Fontenaisien<\/p>\n<p>Jean-Claude BOUSIQUE<\/p>\n","protected":false},"excerpt":{"rendered":"<p>Bonjour \u00e0 toutes et tous les licenci\u00e9s aux JKCF et leurs familles, \u00c0 PARTIR DU MARDI 15 D\u00c9CEMBRE : Suite au discours du premier Ministre nous avons le soulagement de vous confirmer que les cours \u00e0 l&rsquo;int\u00e9rieur du Dojo pourront <a class=\"more-link\" href=\"https:\/\/www.jkcf.com\/?p=2942\">Continuer la lecture <span class=\"screen-reader-text\">  Reprise des cours enfants<\/span><span class=\"meta-nav\">&rarr;<\/span><\/a><\/p>\n","protected":false},"author":1,"featured_media":0,"comment_status":"open","ping_status":"open","sticky":false,"template":"","format":"standard","meta":{"ngg_post_thumbnail":0,"iawp_total_views":1,"footnotes":""},"categories":[2],"tags":[],"class_list":["post-2942","post","type-post","status-publish","format-standard","hentry","category-accueil"],"_links":{"self":[{"href":"https:\/\/www.jkcf.com\/index.php?rest_route=\/wp\/v2\/posts\/2942","targetHints":{"allow":["GET"]}}],"collection":[{"href":"https:\/\/www.jkcf.com\/index.php?rest_route=\/wp\/v2\/posts"}],"about":[{"href":"https:\/\/www.jkcf.com\/index.php?rest_route=\/wp\/v2\/types\/post"}],"author":[{"embeddable":true,"href":"https:\/\/www.jkcf.com\/index.php?rest_route=\/wp\/v2\/users\/1"}],"replies":[{"embeddable":true,"href":"https:\/\/www.jkcf.com\/index.php?rest_route=%2Fwp%2Fv2%2Fcomments&post=2942"}],"version-history":[{"count":1,"href":"https:\/\/www.jkcf.com\/index.php?rest_route=\/wp\/v2\/posts\/2942\/revisions"}],"predecessor-version":[{"id":2943,"href":"https:\/\/www.jkcf.com\/index.php?rest_route=\/wp\/v2\/posts\/2942\/revisions\/2943"}],"wp:attachment":[{"href":"https:\/\/www.jkcf.com\/index.php?rest_route=%2Fwp%2Fv2%2Fmedia&parent=2942"}],"wp:term":[{"taxonomy":"category","embeddable":true,"href":"https:\/\/www.jkcf.com\/index.php?rest_route=%2Fwp%2Fv2%2Fcategories&post=2942"},{"taxonomy":"post_tag","embeddable":true,"href":"https:\/\/www.jkcf.com\/index.php?rest_route=%2Fwp%2Fv2%2Ftags&post=2942"}],"curies":[{"name":"wp","href":"https:\/\/api.w.org\/{rel}","templated":true}]}}