{"id":2675,"date":"2019-02-10T12:27:55","date_gmt":"2019-02-10T11:27:55","guid":{"rendered":"http:\/\/www.jkcf.com\/?p=2675"},"modified":"2019-02-10T12:27:57","modified_gmt":"2019-02-10T11:27:57","slug":"journee-sport-famille-du-dimanche-13-janvier-2019","status":"publish","type":"post","link":"https:\/\/www.jkcf.com\/?p=2675","title":{"rendered":"Journ\u00e9e sport famille du dimanche 13 janvier 2019"},"content":{"rendered":"\n<p>La journ\u00e9e sport famille qui s&rsquo;est tenue au dojo du dimanche 13 janvier 2019 a rassembl\u00e9 pr\u00e8s de 50 personnes au dojo.<\/p>\n\n\n\n<p>Cette matin\u00e9e sportive a permis aux familles de pratiquants de d\u00e9couvrir toutes les activit\u00e9s du club.<\/p>\n\n\n\n<p>Apr\u00e8s un \u00e9chauffement commun de BABYDO par \u00e9quipes, les personnes ont pu tester les diff\u00e9rentes activit\u00e9s du club : le Kendo avec Jean Claude, Nelly et leurs assistants, l\u2019A\u00efkido avec Thierry et Jo\u00eblle,  le Judo au sol avec Fabrice et Vincent, le Judo debout avec Bastien, Antoine, Thomas et Th\u00e9o et  enfin le Jujitsu avec Christiane et C\u00e9line.<\/p>\n\n\n\n<p>Durant la c\u00e9r\u00e9monie des V\u0153ux 2019, Bastien et Antoine ont fait une d\u00e9monstration de Kata de Judo tandis que Nelly et Amandine ex\u00e9cutaient le Kendo No Kata, Jo\u00eblle et Thierry d\u00e9montraient  des mouvements d\u2019A\u00efkido et pour cl\u00f4turer ces d\u00e9monstrations de c\u00e9r\u00e9monie des v\u0153ux, Thierry nous a fait une d\u00e9monstration d\u2019Ia\u00efdo. <\/p>\n\n\n\n<p>Ensuite le pr\u00e9sident conviait tout le monde \u00e0 un pot de l\u2019amiti\u00e9 puis pour ceux qui le d\u00e9siraient, un d\u00e9jeuner asiatique pour terminer cette journ\u00e9e sport en famille. <\/p>\n\n\n\n<p>Cette animation a permis aux parents de pratiquer avec leurs enfants, de d\u00e9couvrir les diff\u00e9rentes activit\u00e9s du club et de rencontrer les autres adh\u00e9rents de l\u2019association.   <br><strong> Un grand merci \u00e0 tous pour votre aide et votre participation !<\/strong><\/p>\n","protected":false},"excerpt":{"rendered":"<p>La journ\u00e9e sport famille qui s&rsquo;est tenue au dojo du dimanche 13 janvier 2019 a rassembl\u00e9 pr\u00e8s de 50 personnes au dojo. Cette matin\u00e9e sportive a permis aux familles de pratiquants de d\u00e9couvrir toutes les activit\u00e9s du club. Apr\u00e8s un <a class=\"more-link\" href=\"https:\/\/www.jkcf.com\/?p=2675\">Continuer la lecture <span class=\"screen-reader-text\">  Journ\u00e9e sport famille du dimanche 13 janvier 2019<\/span><span class=\"meta-nav\">&rarr;<\/span><\/a><\/p>\n","protected":false},"author":1,"featured_media":0,"comment_status":"open","ping_status":"open","sticky":false,"template":"","format":"standard","meta":{"ngg_post_thumbnail":0,"iawp_total_views":0,"footnotes":""},"categories":[2],"tags":[],"class_list":["post-2675","post","type-post","status-publish","format-standard","hentry","category-accueil"],"_links":{"self":[{"href":"https:\/\/www.jkcf.com\/index.php?rest_route=\/wp\/v2\/posts\/2675","targetHints":{"allow":["GET"]}}],"collection":[{"href":"https:\/\/www.jkcf.com\/index.php?rest_route=\/wp\/v2\/posts"}],"about":[{"href":"https:\/\/www.jkcf.com\/index.php?rest_route=\/wp\/v2\/types\/post"}],"author":[{"embeddable":true,"href":"https:\/\/www.jkcf.com\/index.php?rest_route=\/wp\/v2\/users\/1"}],"replies":[{"embeddable":true,"href":"https:\/\/www.jkcf.com\/index.php?rest_route=%2Fwp%2Fv2%2Fcomments&post=2675"}],"version-history":[{"count":1,"href":"https:\/\/www.jkcf.com\/index.php?rest_route=\/wp\/v2\/posts\/2675\/revisions"}],"predecessor-version":[{"id":2676,"href":"https:\/\/www.jkcf.com\/index.php?rest_route=\/wp\/v2\/posts\/2675\/revisions\/2676"}],"wp:attachment":[{"href":"https:\/\/www.jkcf.com\/index.php?rest_route=%2Fwp%2Fv2%2Fmedia&parent=2675"}],"wp:term":[{"taxonomy":"category","embeddable":true,"href":"https:\/\/www.jkcf.com\/index.php?rest_route=%2Fwp%2Fv2%2Fcategories&post=2675"},{"taxonomy":"post_tag","embeddable":true,"href":"https:\/\/www.jkcf.com\/index.php?rest_route=%2Fwp%2Fv2%2Ftags&post=2675"}],"curies":[{"name":"wp","href":"https:\/\/api.w.org\/{rel}","templated":true}]}}